{"id":5239,"date":"2023-12-14T13:18:23","date_gmt":"2023-12-14T13:18:23","guid":{"rendered":"http:\/\/radiolivre.click\/?p=5239"},"modified":"2023-12-14T13:20:48","modified_gmt":"2023-12-14T13:20:48","slug":"tribunal-sul-africano-anula-reconhecimento-do-rei-da-tribo-zulu","status":"publish","type":"post","link":"https:\/\/radiolivre.click\/index.php\/2023\/12\/14\/tribunal-sul-africano-anula-reconhecimento-do-rei-da-tribo-zulu\/","title":{"rendered":"Tribunal sul-africano anula reconhecimento do rei da tribo zulu"},"content":{"rendered":"<p>Um tribunal na capital da \u00c1frica do Sul, Pret\u00f3ria, invalidou ontem o reconhecimento oficial do rei da na\u00e7\u00e3o Zulu, Misizulu kaZwelithini Zulu, pelo Governo sul-africano, no ano passado, considerando-o &#8220;ilegal&#8221;.<\/p>\n<p>&nbsp;<\/p>\n<p>&nbsp;<\/p>\n<p>&#8220;Declara-se que o reconhecimento como Isilo da Na\u00e7\u00e3o Zulu, conforme consta do Di\u00e1rio do Governo n.\u00ba 46057, de 17 de Mar\u00e7o de 2022 (a decis\u00e3o de reconhecimento), era ilegal e inv\u00e1lida, e a decis\u00e3o de reconhecimento fica anulada&#8221;, referiu o tribunal.<\/p>\n<p>O Tribunal Superior de Gauteng, em Pret\u00f3ria, ordenou ainda ao Chefe de Estado sul-africano, Cyril Ramaphosa, que nomeie uma comiss\u00e3o para investigar a escolha e processo de nomea\u00e7\u00e3o do soberano dos zulus, que \u00e9 o maior grupo \u00e9tnico no pa\u00eds, com mais de 12 milh\u00f5es de s\u00fabditos. Na leitura do ac\u00f3rd\u00e3o, o juiz Norman Davis sublinhou que os requerentes apresentaram dois pedidos judiciais, sendo &#8220;o primeiro se o rei em exerc\u00edcio, Misuzulu kaZwelithini Zulu.<\/p>\n","protected":false},"excerpt":{"rendered":"<p>Um tribunal na capital da \u00c1frica do Sul, Pret\u00f3ria, invalidou ontem o reconhecimento oficial do rei da na\u00e7\u00e3o Zulu, Misizulu kaZwelithini Zulu, pelo Governo sul-africano, no ano passado, considerando-o &#8220;ilegal&#8221;. &nbsp; &nbsp; &#8220;Declara-se que o reconhecimento como Isilo da Na\u00e7\u00e3o Zulu, conforme consta do Di\u00e1rio do Governo n.\u00ba 46057, de 17 de Mar\u00e7o de 2022 [&hellip;]<\/p>\n","protected":false},"author":1,"featured_media":5242,"comment_status":"open","ping_status":"open","sticky":false,"template":"","format":"standard","meta":{"footnotes":""},"categories":[11],"tags":[],"_links":{"self":[{"href":"https:\/\/radiolivre.click\/index.php\/wp-json\/wp\/v2\/posts\/5239"}],"collection":[{"href":"https:\/\/radiolivre.click\/index.php\/wp-json\/wp\/v2\/posts"}],"about":[{"href":"https:\/\/radiolivre.click\/index.php\/wp-json\/wp\/v2\/types\/post"}],"author":[{"embeddable":true,"href":"https:\/\/radiolivre.click\/index.php\/wp-json\/wp\/v2\/users\/1"}],"replies":[{"embeddable":true,"href":"https:\/\/radiolivre.click\/index.php\/wp-json\/wp\/v2\/comments?post=5239"}],"version-history":[{"count":1,"href":"https:\/\/radiolivre.click\/index.php\/wp-json\/wp\/v2\/posts\/5239\/revisions"}],"predecessor-version":[{"id":5241,"href":"https:\/\/radiolivre.click\/index.php\/wp-json\/wp\/v2\/posts\/5239\/revisions\/5241"}],"wp:featuredmedia":[{"embeddable":true,"href":"https:\/\/radiolivre.click\/index.php\/wp-json\/wp\/v2\/media\/5242"}],"wp:attachment":[{"href":"https:\/\/radiolivre.click\/index.php\/wp-json\/wp\/v2\/media?parent=5239"}],"wp:term":[{"taxonomy":"category","embeddable":true,"href":"https:\/\/radiolivre.click\/index.php\/wp-json\/wp\/v2\/categories?post=5239"},{"taxonomy":"post_tag","embeddable":true,"href":"https:\/\/radiolivre.click\/index.php\/wp-json\/wp\/v2\/tags?post=5239"}],"curies":[{"name":"wp","href":"https:\/\/api.w.org\/{rel}","templated":true}]}}