{"id":5280,"date":"2023-12-20T14:27:39","date_gmt":"2023-12-20T14:27:39","guid":{"rendered":"https:\/\/radiolivre.click\/?p=5280"},"modified":"2023-12-20T14:27:39","modified_gmt":"2023-12-20T14:27:39","slug":"tribunal-supremo-julga-448-processos-crimes","status":"publish","type":"post","link":"https:\/\/radiolivre.click\/index.php\/2023\/12\/20\/tribunal-supremo-julga-448-processos-crimes\/","title":{"rendered":"Tribunal Supremo julga 448 processos-crimes"},"content":{"rendered":"<p>A jurisdi\u00e7\u00e3o penal do Tribunal Supremo (TS) julgou, durante este ano, 448 processos, dos quais 215 foram abrangidos pela amnistia, revelou, esta ter\u00e7a-feira, em Luanda, o juiz conselheiro presidente desta Corte Suprema, Joel Leonardo.<\/p>\n<p>Ao falar na cerim\u00f3nia de cumprimentos de fim-de-ano, dirigida aos funcion\u00e1rios da institui\u00e7\u00e3o, ressaltou o facto de terem sido retomados, ao n\u00edvel do TS, os julgamentos de primeira inst\u00e2ncia, lembrando que, para a justi\u00e7a, o importante \u00e9: \u201co qu\u00ea que fez e n\u00e3o quem fez\u201d.<\/p>\n<p>Segundo o presidente do TS, na jurisdi\u00e7\u00e3o c\u00edvel foram julgados 292 processos, ao passo que pela\u00a0jurisdi\u00e7\u00e3o laboral passaram 89 processos.<\/p>\n<p>O presidente do TS considerou positivos os resultados alcan\u00e7ados, mas enfatizou a necessidade de se melhorar, cada vez mais, n\u00e3o s\u00f3 a presta\u00e7\u00e3o jurisdicional como tamb\u00e9m a organiza\u00e7\u00e3o interna dos servi\u00e7os, em especial no atendimento aos cidad\u00e3os que procuram saber do andamento dos seus processos e expedientes.<\/p>\n","protected":false},"excerpt":{"rendered":"<p>A jurisdi\u00e7\u00e3o penal do Tribunal Supremo (TS) julgou, durante este ano, 448 processos, dos quais 215 foram abrangidos pela amnistia, revelou, esta ter\u00e7a-feira, em Luanda, o juiz conselheiro presidente desta Corte Suprema, Joel Leonardo. Ao falar na cerim\u00f3nia de cumprimentos de fim-de-ano, dirigida aos funcion\u00e1rios da institui\u00e7\u00e3o, ressaltou o facto de terem sido retomados, ao [&hellip;]<\/p>\n","protected":false},"author":1,"featured_media":5281,"comment_status":"open","ping_status":"open","sticky":false,"template":"","format":"standard","meta":{"footnotes":""},"categories":[90],"tags":[],"_links":{"self":[{"href":"https:\/\/radiolivre.click\/index.php\/wp-json\/wp\/v2\/posts\/5280"}],"collection":[{"href":"https:\/\/radiolivre.click\/index.php\/wp-json\/wp\/v2\/posts"}],"about":[{"href":"https:\/\/radiolivre.click\/index.php\/wp-json\/wp\/v2\/types\/post"}],"author":[{"embeddable":true,"href":"https:\/\/radiolivre.click\/index.php\/wp-json\/wp\/v2\/users\/1"}],"replies":[{"embeddable":true,"href":"https:\/\/radiolivre.click\/index.php\/wp-json\/wp\/v2\/comments?post=5280"}],"version-history":[{"count":1,"href":"https:\/\/radiolivre.click\/index.php\/wp-json\/wp\/v2\/posts\/5280\/revisions"}],"predecessor-version":[{"id":5282,"href":"https:\/\/radiolivre.click\/index.php\/wp-json\/wp\/v2\/posts\/5280\/revisions\/5282"}],"wp:featuredmedia":[{"embeddable":true,"href":"https:\/\/radiolivre.click\/index.php\/wp-json\/wp\/v2\/media\/5281"}],"wp:attachment":[{"href":"https:\/\/radiolivre.click\/index.php\/wp-json\/wp\/v2\/media?parent=5280"}],"wp:term":[{"taxonomy":"category","embeddable":true,"href":"https:\/\/radiolivre.click\/index.php\/wp-json\/wp\/v2\/categories?post=5280"},{"taxonomy":"post_tag","embeddable":true,"href":"https:\/\/radiolivre.click\/index.php\/wp-json\/wp\/v2\/tags?post=5280"}],"curies":[{"name":"wp","href":"https:\/\/api.w.org\/{rel}","templated":true}]}}