{"id":5283,"date":"2023-12-20T14:31:18","date_gmt":"2023-12-20T14:31:18","guid":{"rendered":"https:\/\/radiolivre.click\/?p=5283"},"modified":"2023-12-20T14:35:45","modified_gmt":"2023-12-20T14:35:45","slug":"governo-aprova-estrategia-de-endividamento-2024-2026","status":"publish","type":"post","link":"https:\/\/radiolivre.click\/index.php\/2023\/12\/20\/governo-aprova-estrategia-de-endividamento-2024-2026\/","title":{"rendered":"Governo aprova estrat\u00e9gia de endividamento 2024-2026"},"content":{"rendered":"<p>O Executivo aprovou, esta quarta-feira, a Estrat\u00e9gia de endividamento para o per\u00edodo 2024-2026, que tem como objectivo colmatar as necessidades de financiamento.<\/p>\n<p>&nbsp;<\/p>\n<p style=\"font-weight: 400;\">O documento, que mant\u00e9m o equil\u00edbrio entre a redu\u00e7\u00e3o do custo de endividamento e a manuten\u00e7\u00e3o do risco em n\u00edveis sustent\u00e1veis, foi aprovado na 8.\u00aa Reuni\u00e3o Ordin\u00e1ria do Conselho de Ministros, sob orienta\u00e7\u00e3o do Presidente da Rep\u00fablica, Jo\u00e3o Louren\u00e7o.<\/p>\n<p style=\"font-weight: 400;\">Neste sentido, avan\u00e7a a Presid\u00eancia da Rep\u00fablica no Facebook, a Comiss\u00e3o Econ\u00f3mica apreciou o Plano Anual de Endividamento 2024, documento que materializa a Estrat\u00e9gia, tendo em conta as fontes de financiamento internas e externas.<\/p>\n","protected":false},"excerpt":{"rendered":"<p>O Executivo aprovou, esta quarta-feira, a Estrat\u00e9gia de endividamento para o per\u00edodo 2024-2026, que tem como objectivo colmatar as necessidades de financiamento. &nbsp; O documento, que mant\u00e9m o equil\u00edbrio entre a redu\u00e7\u00e3o do custo de endividamento e a manuten\u00e7\u00e3o do risco em n\u00edveis sustent\u00e1veis, foi aprovado na 8.\u00aa Reuni\u00e3o Ordin\u00e1ria do Conselho de Ministros, sob [&hellip;]<\/p>\n","protected":false},"author":1,"featured_media":5286,"comment_status":"open","ping_status":"open","sticky":false,"template":"","format":"standard","meta":{"footnotes":""},"categories":[90],"tags":[],"_links":{"self":[{"href":"https:\/\/radiolivre.click\/index.php\/wp-json\/wp\/v2\/posts\/5283"}],"collection":[{"href":"https:\/\/radiolivre.click\/index.php\/wp-json\/wp\/v2\/posts"}],"about":[{"href":"https:\/\/radiolivre.click\/index.php\/wp-json\/wp\/v2\/types\/post"}],"author":[{"embeddable":true,"href":"https:\/\/radiolivre.click\/index.php\/wp-json\/wp\/v2\/users\/1"}],"replies":[{"embeddable":true,"href":"https:\/\/radiolivre.click\/index.php\/wp-json\/wp\/v2\/comments?post=5283"}],"version-history":[{"count":1,"href":"https:\/\/radiolivre.click\/index.php\/wp-json\/wp\/v2\/posts\/5283\/revisions"}],"predecessor-version":[{"id":5285,"href":"https:\/\/radiolivre.click\/index.php\/wp-json\/wp\/v2\/posts\/5283\/revisions\/5285"}],"wp:featuredmedia":[{"embeddable":true,"href":"https:\/\/radiolivre.click\/index.php\/wp-json\/wp\/v2\/media\/5286"}],"wp:attachment":[{"href":"https:\/\/radiolivre.click\/index.php\/wp-json\/wp\/v2\/media?parent=5283"}],"wp:term":[{"taxonomy":"category","embeddable":true,"href":"https:\/\/radiolivre.click\/index.php\/wp-json\/wp\/v2\/categories?post=5283"},{"taxonomy":"post_tag","embeddable":true,"href":"https:\/\/radiolivre.click\/index.php\/wp-json\/wp\/v2\/tags?post=5283"}],"curies":[{"name":"wp","href":"https:\/\/api.w.org\/{rel}","templated":true}]}}