{"id":5289,"date":"2023-12-20T15:08:46","date_gmt":"2023-12-20T15:08:46","guid":{"rendered":"https:\/\/radiolivre.click\/?p=5289"},"modified":"2023-12-20T15:08:46","modified_gmt":"2023-12-20T15:08:46","slug":"5289","status":"publish","type":"post","link":"https:\/\/radiolivre.click\/index.php\/2023\/12\/20\/5289\/","title":{"rendered":""},"content":{"rendered":"<p><img fetchpriority=\"high\" decoding=\"async\" class=\"alignnone size-full wp-image-5290\" src=\"http:\/\/radiolivre.click\/wp-content\/uploads\/2023\/12\/about-scaled.jpg\" alt=\"\" width=\"2560\" height=\"1750\" srcset=\"https:\/\/radiolivre.click\/wp-content\/uploads\/2023\/12\/about-scaled.jpg 2560w, https:\/\/radiolivre.click\/wp-content\/uploads\/2023\/12\/about-300x205.jpg 300w, https:\/\/radiolivre.click\/wp-content\/uploads\/2023\/12\/about-1024x700.jpg 1024w, https:\/\/radiolivre.click\/wp-content\/uploads\/2023\/12\/about-768x525.jpg 768w, https:\/\/radiolivre.click\/wp-content\/uploads\/2023\/12\/about-1536x1050.jpg 1536w, https:\/\/radiolivre.click\/wp-content\/uploads\/2023\/12\/about-2048x1400.jpg 2048w, https:\/\/radiolivre.click\/wp-content\/uploads\/2023\/12\/about-18x12.jpg 18w\" sizes=\"(max-width: 2560px) 100vw, 2560px\" \/><\/p>\n<p>&nbsp;<\/p>\n<p>A ministra de Estado para \u00c1rea Social, Dalva Ringote Allen, preside, neste momento, uma reuni\u00e3o com os governadores para an\u00e1lise do Programa Integrado de Desenvolvimento Local e Combate \u00e0 Pobreza.<\/p>\n<p><img decoding=\"async\" class=\"alignnone size-full wp-image-5291\" src=\"http:\/\/radiolivre.click\/wp-content\/uploads\/2023\/12\/pobreza-em-angola.jpg\" alt=\"\" width=\"480\" height=\"640\" srcset=\"https:\/\/radiolivre.click\/wp-content\/uploads\/2023\/12\/pobreza-em-angola.jpg 480w, https:\/\/radiolivre.click\/wp-content\/uploads\/2023\/12\/pobreza-em-angola-225x300.jpg 225w, https:\/\/radiolivre.click\/wp-content\/uploads\/2023\/12\/pobreza-em-angola-9x12.jpg 9w\" sizes=\"(max-width: 480px) 100vw, 480px\" \/><\/p>\n","protected":false},"excerpt":{"rendered":"<p>&nbsp; A ministra de Estado para \u00c1rea Social, Dalva Ringote Allen, preside, neste momento, uma reuni\u00e3o com os governadores para an\u00e1lise do Programa Integrado de Desenvolvimento Local e Combate \u00e0 Pobreza.<\/p>\n","protected":false},"author":1,"featured_media":0,"comment_status":"open","ping_status":"open","sticky":false,"template":"","format":"standard","meta":{"footnotes":""},"categories":[90],"tags":[],"_links":{"self":[{"href":"https:\/\/radiolivre.click\/index.php\/wp-json\/wp\/v2\/posts\/5289"}],"collection":[{"href":"https:\/\/radiolivre.click\/index.php\/wp-json\/wp\/v2\/posts"}],"about":[{"href":"https:\/\/radiolivre.click\/index.php\/wp-json\/wp\/v2\/types\/post"}],"author":[{"embeddable":true,"href":"https:\/\/radiolivre.click\/index.php\/wp-json\/wp\/v2\/users\/1"}],"replies":[{"embeddable":true,"href":"https:\/\/radiolivre.click\/index.php\/wp-json\/wp\/v2\/comments?post=5289"}],"version-history":[{"count":1,"href":"https:\/\/radiolivre.click\/index.php\/wp-json\/wp\/v2\/posts\/5289\/revisions"}],"predecessor-version":[{"id":5292,"href":"https:\/\/radiolivre.click\/index.php\/wp-json\/wp\/v2\/posts\/5289\/revisions\/5292"}],"wp:attachment":[{"href":"https:\/\/radiolivre.click\/index.php\/wp-json\/wp\/v2\/media?parent=5289"}],"wp:term":[{"taxonomy":"category","embeddable":true,"href":"https:\/\/radiolivre.click\/index.php\/wp-json\/wp\/v2\/categories?post=5289"},{"taxonomy":"post_tag","embeddable":true,"href":"https:\/\/radiolivre.click\/index.php\/wp-json\/wp\/v2\/tags?post=5289"}],"curies":[{"name":"wp","href":"https:\/\/api.w.org\/{rel}","templated":true}]}}