{"id":5293,"date":"2023-12-20T15:27:39","date_gmt":"2023-12-20T15:27:39","guid":{"rendered":"https:\/\/radiolivre.click\/?p=5293"},"modified":"2023-12-20T15:28:10","modified_gmt":"2023-12-20T15:28:10","slug":"feira-da-batata-na-provincia-da-huila","status":"publish","type":"post","link":"https:\/\/radiolivre.click\/index.php\/2023\/12\/20\/feira-da-batata-na-provincia-da-huila\/","title":{"rendered":"Feira da batata na prov\u00edncia da Hu\u00edla"},"content":{"rendered":"<p>A prov\u00edncia da Hu\u00edla acolhe a Feira da Batata e de Natal, que decorre at\u00e9 dia 23 deste m\u00eas, no complexo Tur\u00edstico e Desportivo da Nossa Senhora do Monte, cidade do Lubango, onde est\u00e3o representados 14 munic\u00edpios.<\/p>\n<p style=\"font-weight: 400;\">Os produtores locais dos 14 munic\u00edpios exp\u00f5em hort\u00edcolas, cereais, frutos e outros alimentos para\u00a0contribu\u00edrem\u00a0para uma dieta saud\u00e1vel.<img fetchpriority=\"high\" decoding=\"async\" class=\"alignnone size-full wp-image-5295\" src=\"http:\/\/radiolivre.click\/wp-content\/uploads\/2023\/12\/fruta_legumes.jpg\" alt=\"\" width=\"960\" height=\"640\" srcset=\"https:\/\/radiolivre.click\/wp-content\/uploads\/2023\/12\/fruta_legumes.jpg 960w, https:\/\/radiolivre.click\/wp-content\/uploads\/2023\/12\/fruta_legumes-300x200.jpg 300w, https:\/\/radiolivre.click\/wp-content\/uploads\/2023\/12\/fruta_legumes-768x512.jpg 768w, https:\/\/radiolivre.click\/wp-content\/uploads\/2023\/12\/fruta_legumes-18x12.jpg 18w\" sizes=\"(max-width: 960px) 100vw, 960px\" \/><\/p>\n<p style=\"font-weight: 400;\">A informa\u00e7\u00e3o foi avan\u00e7ada pelo Governo Provincial da Hu\u00edla, no Facebook, que cita o director provincial do Gabinete para o Desenvolvimento Econ\u00f3mico e Integrado na Hu\u00edla, Domingos Kalumala, numa cerim\u00f3nia prestigiada pelo administrador municipal do Lubango, membros do governo local e demais convidados.<\/p>\n","protected":false},"excerpt":{"rendered":"<p>A prov\u00edncia da Hu\u00edla acolhe a Feira da Batata e de Natal, que decorre at\u00e9 dia 23 deste m\u00eas, no complexo Tur\u00edstico e Desportivo da Nossa Senhora do Monte, cidade do Lubango, onde est\u00e3o representados 14 munic\u00edpios. Os produtores locais dos 14 munic\u00edpios exp\u00f5em hort\u00edcolas, cereais, frutos e outros alimentos para\u00a0contribu\u00edrem\u00a0para uma dieta saud\u00e1vel. A [&hellip;]<\/p>\n","protected":false},"author":1,"featured_media":5294,"comment_status":"open","ping_status":"open","sticky":false,"template":"","format":"standard","meta":{"footnotes":""},"categories":[90],"tags":[],"_links":{"self":[{"href":"https:\/\/radiolivre.click\/index.php\/wp-json\/wp\/v2\/posts\/5293"}],"collection":[{"href":"https:\/\/radiolivre.click\/index.php\/wp-json\/wp\/v2\/posts"}],"about":[{"href":"https:\/\/radiolivre.click\/index.php\/wp-json\/wp\/v2\/types\/post"}],"author":[{"embeddable":true,"href":"https:\/\/radiolivre.click\/index.php\/wp-json\/wp\/v2\/users\/1"}],"replies":[{"embeddable":true,"href":"https:\/\/radiolivre.click\/index.php\/wp-json\/wp\/v2\/comments?post=5293"}],"version-history":[{"count":1,"href":"https:\/\/radiolivre.click\/index.php\/wp-json\/wp\/v2\/posts\/5293\/revisions"}],"predecessor-version":[{"id":5296,"href":"https:\/\/radiolivre.click\/index.php\/wp-json\/wp\/v2\/posts\/5293\/revisions\/5296"}],"wp:featuredmedia":[{"embeddable":true,"href":"https:\/\/radiolivre.click\/index.php\/wp-json\/wp\/v2\/media\/5294"}],"wp:attachment":[{"href":"https:\/\/radiolivre.click\/index.php\/wp-json\/wp\/v2\/media?parent=5293"}],"wp:term":[{"taxonomy":"category","embeddable":true,"href":"https:\/\/radiolivre.click\/index.php\/wp-json\/wp\/v2\/categories?post=5293"},{"taxonomy":"post_tag","embeddable":true,"href":"https:\/\/radiolivre.click\/index.php\/wp-json\/wp\/v2\/tags?post=5293"}],"curies":[{"name":"wp","href":"https:\/\/api.w.org\/{rel}","templated":true}]}}